{"id":198,"date":"2013-07-21T05:31:16","date_gmt":"2013-07-21T03:31:16","guid":{"rendered":"http:\/\/www.egika.de\/windelexpress\/?p=198"},"modified":"2014-07-16T16:23:10","modified_gmt":"2014-07-16T14:23:10","slug":"lasse-unterwegs-2","status":"publish","type":"post","link":"https:\/\/www.egika.de\/windelexpress\/2013\/07\/lasse-unterwegs-2\/","title":{"rendered":"Neues von Lasse"},"content":{"rendered":"<p>Auch wenn unser Kleiner immer freundlich l\u00e4chelnd zu fremden Leuten es genie\u00dft im Mittelpunkt zu stehen, bleibt es nat\u00fcrlich nicht aus, dass er gerne am Abend knatschig ist und auch seinen Eltern mal ein bisschen auf den Geist geht, gerade wenn sie in Ruhe essen m\u00f6chten.<\/p>\n<p>Es ist ja durchaus auch ein wenig ungew\u00f6hnlich, jeden Abend in einem Restaurant zu sein, wobei die Bewirtung in den Gites nat\u00fcrlich deutlich famili\u00e4rer ist. Nichtsdestotrotz will Lasse bespa\u00dft werden und solange die Eltern was essen, muss unser Nimmersatt auch etwas essen. Meistens k\u00f6nnen wir ihn mit Brotst\u00fccken besch\u00e4ftigten, aber auch andere Wanderer flirten gerne mit ihm, so dass er f\u00fcr ein paar Minuten abgelenkt ist. Ein Kinderstuhl ist nat\u00fcrlich auch ein Traum, leider nicht \u00fcberall vorhanden, so dass ich ihn dann doch auf meinem Scho\u00df jonglierend bespa\u00dfe und gleichzeitig versuche, vern\u00fcnftig zu essen.<\/p>\n<p><a href=\"https:\/\/www.egika.de\/windelexpress\/wp-content\/uploads\/2013\/07\/20130721.0812221.jpg\"><img loading=\"lazy\" decoding=\"async\" class=\"size-medium wp-image-205 alignleft\" alt=\"20130721.081222\" src=\"https:\/\/www.egika.de\/windelexpress\/wp-content\/uploads\/2013\/07\/20130721.0812221-682x1024.jpg\" width=\"250\" height=\"375\" srcset=\"https:\/\/www.egika.de\/windelexpress\/wp-content\/uploads\/2013\/07\/20130721.0812221-682x1024.jpg 682w, https:\/\/www.egika.de\/windelexpress\/wp-content\/uploads\/2013\/07\/20130721.0812221-200x300.jpg 200w, https:\/\/www.egika.de\/windelexpress\/wp-content\/uploads\/2013\/07\/20130721.0812221.jpg 1280w\" sizes=\"auto, (max-width: 250px) 100vw, 250px\" \/><\/a>Lasse fremdelt immer noch flei\u00dfig. \u00a0Es gibt ja gen\u00fcgend Leute &#8211; eigentlich die ganze Zeit \u00fcber &#8211; die ihn auf den Arm nehmen wollen, weil er ja auch jeden anl\u00e4chelt, aber das Lachen verblasst sobald er von Mama weg soll. Bei der ein oder anderen Dame schreit er zumindest nicht sofort, sondern \u00e4u\u00dfert nur sein Unbehagen und es gibt nat\u00fcrlich auch Muttis die recht hartn\u00e4ckig versuchen, Lasse zu \u00fcberzeugen, bisher jedoch ohne Erfolg. Wieder bei Mama l\u00e4chelt er schelmisch alle an, \u00a0als ob nichts gewesen ist. \u00a0Mal schauen wann sich das \u00e4ndert &#8211; zumindest bis zum Skifahren sollte er auch wieder frohen Mutes in eine Kinderbetreuung gehen \ud83d\ude09<\/p>\n<p>Bei anderen Kindern ist er, wie jedes Baby wohl, der Hit. Alle m\u00f6chten &#8222;le b\u00e9b\u00e9&#8220; begucken oder streicheln. Die ersten &#8222;bisous&#8220; \u00a0gab es auch schon von den M\u00e4dels und Spielzeug bekam er auch schon geschenkt.<\/p>\n<p>Ansonsten versucht Lasse langsam nach erfolgreichem &#8222;am Stuhl hochziehen&#8220;, diesen nach vorne zu schubsen um mit kleinem tapsigem Schritt dem Stuhl zu folgen. Leider funktioniert das mit dem Gleichgewicht nur bedingt &#8211; rutscht der Stuhl zu weit nach vorne gibt&#8217;s ne Bauchlandung, zieht er ihn wieder zur\u00fcck sitzt er auf dem Hintern und ist ein wenig unzufrieden&#8230;<\/p>\n","protected":false},"excerpt":{"rendered":"<p>Auch wenn unser Kleiner immer freundlich l\u00e4chelnd zu fremden Leuten es genie\u00dft im Mittelpunkt zu stehen, bleibt es nat\u00fcrlich nicht aus, dass er gerne am Abend knatschig ist und auch seinen Eltern mal ein bisschen auf den Geist geht, gerade wenn sie in Ruhe essen m\u00f6chten. Es ist ja durchaus auch ein wenig ungew\u00f6hnlich, jeden [&hellip;]<\/p>\n","protected":false},"author":2,"featured_media":0,"comment_status":"open","ping_status":"open","sticky":false,"template":"","format":"standard","meta":{"ngg_post_thumbnail":0,"jetpack_post_was_ever_published":false,"_jetpack_newsletter_access":"","_jetpack_dont_email_post_to_subs":false,"_jetpack_newsletter_tier_id":0,"_jetpack_memberships_contains_paywalled_content":false,"_jetpack_memberships_contains_paid_content":false,"footnotes":"","jetpack_publicize_message":"","jetpack_publicize_feature_enabled":true,"jetpack_social_post_already_shared":false,"jetpack_social_options":{"image_generator_settings":{"template":"highway","default_image_id":0,"font":"","enabled":false},"version":2}},"categories":[13,10],"tags":[],"class_list":["post-198","post","type-post","status-publish","format-standard","hentry","category-lasse-reunion","category-baby"],"jetpack_publicize_connections":[],"jetpack_featured_media_url":"","jetpack_sharing_enabled":true,"jetpack_shortlink":"https:\/\/wp.me\/p8agLt-3c","_links":{"self":[{"href":"https:\/\/www.egika.de\/windelexpress\/wp-json\/wp\/v2\/posts\/198","targetHints":{"allow":["GET"]}}],"collection":[{"href":"https:\/\/www.egika.de\/windelexpress\/wp-json\/wp\/v2\/posts"}],"about":[{"href":"https:\/\/www.egika.de\/windelexpress\/wp-json\/wp\/v2\/types\/post"}],"author":[{"embeddable":true,"href":"https:\/\/www.egika.de\/windelexpress\/wp-json\/wp\/v2\/users\/2"}],"replies":[{"embeddable":true,"href":"https:\/\/www.egika.de\/windelexpress\/wp-json\/wp\/v2\/comments?post=198"}],"version-history":[{"count":10,"href":"https:\/\/www.egika.de\/windelexpress\/wp-json\/wp\/v2\/posts\/198\/revisions"}],"predecessor-version":[{"id":706,"href":"https:\/\/www.egika.de\/windelexpress\/wp-json\/wp\/v2\/posts\/198\/revisions\/706"}],"wp:attachment":[{"href":"https:\/\/www.egika.de\/windelexpress\/wp-json\/wp\/v2\/media?parent=198"}],"wp:term":[{"taxonomy":"category","embeddable":true,"href":"https:\/\/www.egika.de\/windelexpress\/wp-json\/wp\/v2\/categories?post=198"},{"taxonomy":"post_tag","embeddable":true,"href":"https:\/\/www.egika.de\/windelexpress\/wp-json\/wp\/v2\/tags?post=198"}],"curies":[{"name":"wp","href":"https:\/\/api.w.org\/{rel}","templated":true}]}}