{"id":223,"date":"2013-07-30T12:23:52","date_gmt":"2013-07-30T10:23:52","guid":{"rendered":"http:\/\/www.egika.de\/windelexpress\/?p=223"},"modified":"2013-07-30T12:34:01","modified_gmt":"2013-07-30T10:34:01","slug":"223","status":"publish","type":"post","link":"https:\/\/www.egika.de\/windelexpress\/2013\/07\/223\/","title":{"rendered":"Lasse und die M\u00fccken"},"content":{"rendered":"<p>Die letzte Woche gestaltete sich ein wenig anders als die vorherigen Wochen, da wir uns zum Gro\u00dfteil mit einem Mietwagen fortbewegten. Einen Kindersitz f\u00fcr Lasse gab es nat\u00fcrlich auch, jedoch kann man was den Komfort, die Sauberkeit und auch die Sicherheit angeht einige Abstriche zum gewohnten deutschen Standard machen. Das erste Modell, welches wir einbauten, hatte keinen funktionierenden Gurtverschluss mehr und der zweite musste zus\u00e4tzlich durch Knoten gesichert werden, aber lie\u00df sich zumindest verschlie\u00dfen. Lasse hat es jedoch nichts ausgemacht und ich hatte kein schlechtes Gewissen, wenn er den Sitz weiter verdreckte&#8230;<br \/>\nMeistens sind wir Vormittags zu einem Sightseeing-Spot gefahren, so dass Lasse entspannt sein Morgenschl\u00e4fchen halten konnte &#8211; es hat keine f\u00fcnf Minuten nach Abfahrt gedauert und er war schon eingeschlafen. Entsprechend haben wir auch die Nachmittagsfahrt so gelegt, dass Lasse wieder ein Nickerchen halten konnte. Er war so ein sehr angenehmer Mitfahrer.<\/p>\n<div id=\"attachment_224\" style=\"width: 266px\" class=\"wp-caption alignleft\"><a href=\"https:\/\/www.egika.de\/windelexpress\/wp-content\/uploads\/2013\/07\/20130729.1711012.jpg\"><img loading=\"lazy\" decoding=\"async\" aria-describedby=\"caption-attachment-224\" class=\"size-medium wp-image-224 \" alt=\"Zerstochener Sohn\" src=\"https:\/\/www.egika.de\/windelexpress\/wp-content\/uploads\/2013\/07\/20130729.1711012-256x300.jpg\" width=\"256\" height=\"300\" srcset=\"https:\/\/www.egika.de\/windelexpress\/wp-content\/uploads\/2013\/07\/20130729.1711012-256x300.jpg 256w, https:\/\/www.egika.de\/windelexpress\/wp-content\/uploads\/2013\/07\/20130729.1711012-876x1024.jpg 876w, https:\/\/www.egika.de\/windelexpress\/wp-content\/uploads\/2013\/07\/20130729.1711012.jpg 1117w\" sizes=\"auto, (max-width: 256px) 100vw, 256px\" \/><\/a><p id=\"caption-attachment-224\" class=\"wp-caption-text\">Zerstochener Sohn<\/p><\/div>\n<p>In der zweiten Nacht, die wir an der K\u00fcste verbrachten, wurde Lasse nachts leider von dem ein oder anderen Moskito heimgesucht, so dass er nun einige Stiche an Armen und im Gesicht hat. Ihn selber scheint es nicht zu st\u00f6ren &#8211; er kratzt auch nicht, aber es sieht mittlerweile schon ein wenig \u00fcbel aus. Haben uns jetzt auf jeden Fall f\u00fcr den weiteren Reiseverlauf ein Familienmoskitonetz besorgt.<\/p>\n<p>Abgesehen von der G\u00eete am Vulkan waren wir ansonsten jeweils zwei Tage in einem Appartement mit Kitchenette oder Ferienhaus etc. Das Kochen und Abendessen war so zur Abwechslung auch ganz nett &#8211; zwar nicht unbedingt entspannter aber auch sch\u00f6n, da Lasse nun nat\u00fcrlich die diversen Schr\u00e4nke ausr\u00e4umen musste und alle Utensilien untersuchte. Immerhin krabbelt er jetzt nicht nur dem Essen hinterher sondern folgt auch seinen Eltern in einen anderen Raum (eine Stufe rauf oder runter geht immerhin auch schon \ud83d\ude42 Und Klatschen kann er seit neuestem &#8211; also er trifft beide Handfl\u00e4chen und haut nicht mehr daneben&#8230;<\/p>\n","protected":false},"excerpt":{"rendered":"<p>Die letzte Woche gestaltete sich ein wenig anders als die vorherigen Wochen, da wir uns zum Gro\u00dfteil mit einem Mietwagen fortbewegten. Einen Kindersitz f\u00fcr Lasse gab es nat\u00fcrlich auch, jedoch kann man was den Komfort, die Sauberkeit und auch die Sicherheit angeht einige Abstriche zum gewohnten deutschen Standard machen. Das erste Modell, welches wir einbauten, [&hellip;]<\/p>\n","protected":false},"author":2,"featured_media":0,"comment_status":"open","ping_status":"open","sticky":false,"template":"","format":"standard","meta":{"ngg_post_thumbnail":0,"jetpack_post_was_ever_published":false,"_jetpack_newsletter_access":"","_jetpack_dont_email_post_to_subs":false,"_jetpack_newsletter_tier_id":0,"_jetpack_memberships_contains_paywalled_content":false,"_jetpack_memberships_contains_paid_content":false,"footnotes":"","jetpack_publicize_message":"","jetpack_publicize_feature_enabled":true,"jetpack_social_post_already_shared":false,"jetpack_social_options":{"image_generator_settings":{"template":"highway","default_image_id":0,"font":"","enabled":false},"version":2}},"categories":[13,10],"tags":[],"class_list":["post-223","post","type-post","status-publish","format-standard","hentry","category-lasse-reunion","category-baby"],"jetpack_publicize_connections":[],"jetpack_featured_media_url":"","jetpack_sharing_enabled":true,"jetpack_shortlink":"https:\/\/wp.me\/s8agLt-223","_links":{"self":[{"href":"https:\/\/www.egika.de\/windelexpress\/wp-json\/wp\/v2\/posts\/223","targetHints":{"allow":["GET"]}}],"collection":[{"href":"https:\/\/www.egika.de\/windelexpress\/wp-json\/wp\/v2\/posts"}],"about":[{"href":"https:\/\/www.egika.de\/windelexpress\/wp-json\/wp\/v2\/types\/post"}],"author":[{"embeddable":true,"href":"https:\/\/www.egika.de\/windelexpress\/wp-json\/wp\/v2\/users\/2"}],"replies":[{"embeddable":true,"href":"https:\/\/www.egika.de\/windelexpress\/wp-json\/wp\/v2\/comments?post=223"}],"version-history":[{"count":4,"href":"https:\/\/www.egika.de\/windelexpress\/wp-json\/wp\/v2\/posts\/223\/revisions"}],"predecessor-version":[{"id":226,"href":"https:\/\/www.egika.de\/windelexpress\/wp-json\/wp\/v2\/posts\/223\/revisions\/226"}],"wp:attachment":[{"href":"https:\/\/www.egika.de\/windelexpress\/wp-json\/wp\/v2\/media?parent=223"}],"wp:term":[{"taxonomy":"category","embeddable":true,"href":"https:\/\/www.egika.de\/windelexpress\/wp-json\/wp\/v2\/categories?post=223"},{"taxonomy":"post_tag","embeddable":true,"href":"https:\/\/www.egika.de\/windelexpress\/wp-json\/wp\/v2\/tags?post=223"}],"curies":[{"name":"wp","href":"https:\/\/api.w.org\/{rel}","templated":true}]}}