{"id":311,"date":"2013-08-21T11:52:12","date_gmt":"2013-08-21T09:52:12","guid":{"rendered":"http:\/\/www.egika.de\/windelexpress\/?p=311"},"modified":"2014-07-16T16:17:15","modified_gmt":"2014-07-16T14:17:15","slug":"wayan-lasse","status":"publish","type":"post","link":"https:\/\/www.egika.de\/windelexpress\/2013\/08\/wayan-lasse\/","title":{"rendered":"Wayan Lasse"},"content":{"rendered":"<p>Wayan Lasse &#8211; so lautet Lasses balinesischer Name, und was soviel bedeutet wie Erstgeborener&#8230; und nat\u00fcrlich freuen sich die Leute, wenn wir auf die Frage &#8222;What&#8217;s your name?&#8220; mit &#8222;Wayan Lasse&#8220; antworten.<br \/>\nDie balinesischen Kinder bekommen n\u00e4mlich erst nach 210 Tagen ihren zweiten Namen, wenn ihr \u00dcberleben einigerma\u00dfen gesichert ist. Dieser ist nur dem engsten Vertrautenkreis bekannt. Zuvor werden sie nur nach der Reihenfolge der Geburt benannt. Diesen Namen (von eins bis vier, danach geht es von vorne los) behalten sie auch ihr ganzes Leben lang. Den Boden d\u00fcrfen die Kinder zum ersten Mal nach 105 Tagen ber\u00fchren, was auch gleichzeitig das erste gro\u00dfe Fest darstellt. Trotzdem d\u00fcrfen die Babys nicht wie Tiere auf dem (unreinen) Boden herumkrabbeln und m\u00fcssen entsprechend getragen werden.<br \/>\n<a href=\"https:\/\/www.egika.de\/windelexpress\/wp-content\/uploads\/2013\/08\/IMG_8436-e1377078528768.jpg\"><img loading=\"lazy\" decoding=\"async\" class=\"alignright  wp-image-315\" alt=\"IMG_8436\" src=\"https:\/\/www.egika.de\/windelexpress\/wp-content\/uploads\/2013\/08\/IMG_8436-e1377078528768-682x1024.jpg\" width=\"300\" height=\"450\" srcset=\"https:\/\/www.egika.de\/windelexpress\/wp-content\/uploads\/2013\/08\/IMG_8436-e1377078528768-682x1024.jpg 682w, https:\/\/www.egika.de\/windelexpress\/wp-content\/uploads\/2013\/08\/IMG_8436-e1377078528768-200x300.jpg 200w, https:\/\/www.egika.de\/windelexpress\/wp-content\/uploads\/2013\/08\/IMG_8436-e1377078528768.jpg 1280w\" sizes=\"auto, (max-width: 300px) 100vw, 300px\" \/><\/a>Weiterhin haben wir gelernt, dass man Babys nicht am Kopf anfassen darf, wegen der noch offenen Fontanelle (maximal an den Wangen, was bei Lasses speckigen Wangen auch gerne gemacht wird &#8211; zumindest so lange bis es ihm zu bunt wird). Zudem wird bei den Neugeborenen auf die Fontanelle Reis gelegt&#8230;<br \/>\nDie Tradition, nach der Geburt Plazenta, Nabelschnur, Fruchtwasser und Blut im eigenen Garten zu begraben, zu w\u00e4ssern und entsprechende Opfergaben (Blumen, R\u00e4ucherstabchen, Reis&#8230;) dar zu legen, wird durchaus sehr aktiv gelebt. Sie verk\u00f6rpern Schutzgeister und begleiteten einen Menschen sein Leben lang.<br \/>\nDie Balinesen sind au\u00dferdem sehr erstaunt, wenn sie erfahren, dass Lasse nicht mehr gestillt wird. Hier werden die Kinder auch \u00fcber das zweite Lebensjahr hinaus gestillt, daf\u00fcr haben sie keinen Schnuller. Lasse wird da manchmal ein wenig kritisch be\u00e4ugt, wenn er flei\u00dfig vor sich hin &#8222;schnullt&#8220;. Dummerweise geht auch langsam die Kg-Packung franz\u00f6sischer Abendmilchbrei aus, und da die Kinder hier entweder gestillt werden und\/oder dar\u00fcber hinaus nur Pulvermilch bekommen, ist die Brei-Auswahl sehr begrenzt. Es gibt auch keine Haferflocken oder \u00e4hnliches. Da ich keinen Instant-H\u00fchnchen- und Sprossen-Brei f\u00fcttern will, habe ich nur eine Mini-Packung Getreide-Frucht-Brei gefunden (die reicht gerade f\u00fcr zwei Portionen). Mal schauen was Lasse zu dem Brei sagt. Da er nicht teurer ist als bei uns werden wir eben eine gr\u00f6\u00dferere Packungs-Anzahl kaufen \ud83d\ude09<br \/>\n<a href=\"https:\/\/www.egika.de\/windelexpress\/wp-content\/uploads\/2013\/08\/IMG_9010.jpg\"><img loading=\"lazy\" decoding=\"async\" class=\"alignleft  wp-image-314\" alt=\"IMG_9010\" src=\"https:\/\/www.egika.de\/windelexpress\/wp-content\/uploads\/2013\/08\/IMG_9010-1024x682.jpg\" width=\"375\" height=\"250\" srcset=\"https:\/\/www.egika.de\/windelexpress\/wp-content\/uploads\/2013\/08\/IMG_9010-1024x682.jpg 1024w, https:\/\/www.egika.de\/windelexpress\/wp-content\/uploads\/2013\/08\/IMG_9010-300x200.jpg 300w, https:\/\/www.egika.de\/windelexpress\/wp-content\/uploads\/2013\/08\/IMG_9010.jpg 1920w\" sizes=\"auto, (max-width: 375px) 100vw, 375px\" \/><\/a>Lasses und Martins neustes Spiel ist das &#8222;Springen&#8220; vom Pool-Rand. Naja, Lasse versucht h\u00f6chst konzentriert und mit gr\u00f6\u00dfter \u00dcberwindung im Sitzen vom Beckenrand die zweieinhalb Zentimeter H\u00f6he ins Wasser zu rutschen um dann vom Papa aufgefangen zu werden. Martin ist nat\u00fcrlich von Lasses angespannten Gesichtsausdruck begeistert und freut sich, wenn der Kleine zu ihm planscht.<\/p>\n","protected":false},"excerpt":{"rendered":"<p>Wayan Lasse &#8211; so lautet Lasses balinesischer Name, und was soviel bedeutet wie Erstgeborener&#8230; und nat\u00fcrlich freuen sich die Leute, wenn wir auf die Frage &#8222;What&#8217;s your name?&#8220; mit &#8222;Wayan Lasse&#8220; antworten. Die balinesischen Kinder bekommen n\u00e4mlich erst nach 210 Tagen ihren zweiten Namen, wenn ihr \u00dcberleben einigerma\u00dfen gesichert ist. Dieser ist nur dem engsten [&hellip;]<\/p>\n","protected":false},"author":2,"featured_media":0,"comment_status":"open","ping_status":"open","sticky":false,"template":"","format":"standard","meta":{"ngg_post_thumbnail":0,"jetpack_post_was_ever_published":false,"_jetpack_newsletter_access":"","_jetpack_dont_email_post_to_subs":false,"_jetpack_newsletter_tier_id":0,"_jetpack_memberships_contains_paywalled_content":false,"_jetpack_memberships_contains_paid_content":false,"footnotes":"","jetpack_publicize_message":"","jetpack_publicize_feature_enabled":true,"jetpack_social_post_already_shared":false,"jetpack_social_options":{"image_generator_settings":{"template":"highway","default_image_id":0,"font":"","enabled":false},"version":2}},"categories":[16,10],"tags":[],"class_list":["post-311","post","type-post","status-publish","format-standard","hentry","category-lasse-bali","category-baby"],"jetpack_publicize_connections":[],"jetpack_featured_media_url":"","jetpack_sharing_enabled":true,"jetpack_shortlink":"https:\/\/wp.me\/p8agLt-51","_links":{"self":[{"href":"https:\/\/www.egika.de\/windelexpress\/wp-json\/wp\/v2\/posts\/311","targetHints":{"allow":["GET"]}}],"collection":[{"href":"https:\/\/www.egika.de\/windelexpress\/wp-json\/wp\/v2\/posts"}],"about":[{"href":"https:\/\/www.egika.de\/windelexpress\/wp-json\/wp\/v2\/types\/post"}],"author":[{"embeddable":true,"href":"https:\/\/www.egika.de\/windelexpress\/wp-json\/wp\/v2\/users\/2"}],"replies":[{"embeddable":true,"href":"https:\/\/www.egika.de\/windelexpress\/wp-json\/wp\/v2\/comments?post=311"}],"version-history":[{"count":5,"href":"https:\/\/www.egika.de\/windelexpress\/wp-json\/wp\/v2\/posts\/311\/revisions"}],"predecessor-version":[{"id":699,"href":"https:\/\/www.egika.de\/windelexpress\/wp-json\/wp\/v2\/posts\/311\/revisions\/699"}],"wp:attachment":[{"href":"https:\/\/www.egika.de\/windelexpress\/wp-json\/wp\/v2\/media?parent=311"}],"wp:term":[{"taxonomy":"category","embeddable":true,"href":"https:\/\/www.egika.de\/windelexpress\/wp-json\/wp\/v2\/categories?post=311"},{"taxonomy":"post_tag","embeddable":true,"href":"https:\/\/www.egika.de\/windelexpress\/wp-json\/wp\/v2\/tags?post=311"}],"curies":[{"name":"wp","href":"https:\/\/api.w.org\/{rel}","templated":true}]}}