{"id":366,"date":"2013-09-21T10:15:10","date_gmt":"2013-09-21T08:15:10","guid":{"rendered":"http:\/\/www.egika.de\/windelexpress\/?p=366"},"modified":"2014-07-16T14:15:08","modified_gmt":"2014-07-16T12:15:08","slug":"80-tage","status":"publish","type":"post","link":"https:\/\/www.egika.de\/windelexpress\/2013\/09\/80-tage\/","title":{"rendered":"80 Tage"},"content":{"rendered":"<p>In 80 Tagen um die Welt. Naja, zumindest halb rum sind wir heute nach 80 Reisetagen schon. Mehr als zwei Wochen sind wir nun schon auf Neuseeland und Lasse konnte gestern seinen ersten Geburtstag feiern. Doch fangen wir mal vorne an:<br \/>\nNach vier Wochen Bali fing die Insel allm\u00e4hlich an, uns zu hei\u00df, zu laut und zu dreckig zu werden. Wir hatten ausgiebig alle Surfer- und sonstigen L\u00e4den von Kuta beshoppt und flogen nun mit etwas Versp\u00e4tung kurz nach Mitternacht \u00fcber Sydney nach Christchurch auf Neuseelands S\u00fcdinsel. Gegen Mittag lokaler Zeit landeten wir direkt neben ein paar Schafherden. Leider nicht unser Gep\u00e4ck, auf das wir am Band vergeblich warteten. Nunja, kann ja vorkommen, dachten wir uns; wegen des versp\u00e4teten Fluges war in Sydney nur\u00a01 Stunde Zeit zum Umladen gewesen. Wir gaben eine Verlustmeldung ab und hinterlie\u00dfen unsere Telefonnummer. Auf ging es dann, unseren Campervan zu \u00fcbernehmen. Dort wartete auch schon unser Paket auf uns, das wir uns selbst mit warmen Klamotten, bequemen Schuhen, etc. geschickt hatten. Wir bekamen noch ein Navi, extra Bettzeug f\u00fcr Lasse, eine kurze Einweisung und los ging es.<br \/>\n<a href=\"https:\/\/www.egika.de\/windelexpress\/wp-content\/uploads\/2013\/09\/tmp_IMG_0446-374998226.jpg\"><img loading=\"lazy\" decoding=\"async\" class=\"alignnone size-medium wp-image-381\" alt=\"tmp_IMG_0446-374998226\" src=\"https:\/\/www.egika.de\/windelexpress\/wp-content\/uploads\/2013\/09\/tmp_IMG_0446-374998226-1024x682.jpg\" width=\"450\" height=\"300\" srcset=\"https:\/\/www.egika.de\/windelexpress\/wp-content\/uploads\/2013\/09\/tmp_IMG_0446-374998226-1024x682.jpg 1024w, https:\/\/www.egika.de\/windelexpress\/wp-content\/uploads\/2013\/09\/tmp_IMG_0446-374998226-300x200.jpg 300w, https:\/\/www.egika.de\/windelexpress\/wp-content\/uploads\/2013\/09\/tmp_IMG_0446-374998226.jpg 1920w\" sizes=\"auto, (max-width: 450px) 100vw, 450px\" \/><\/a><br \/>\nNaja, fast. Denn unser Gep\u00e4ck hatte sich noch nicht gemeldet, so dass wir vorerst in Christchurch blieben und zun\u00e4chst Vorr\u00e4te einkauften. Dann fanden auch wir schnell einen h\u00fcbschen Platz an der K\u00fcste zum \u00dcbernachten. Zum Gl\u00fcck hatten wir Lasses Daunenschlafsack im Handgep\u00e4ck gehabt, denn die Nacht wurde mit 3\u00b0C richtig sch\u00f6n frisch nach den 27\u00b0C auf Bali. Nun folgten ein paar Tage, in denen wir regelm\u00e4\u00dfig bei der Fluggesellschaft anriefen, um immer wieder zu erfahren, dass es keinerlei Information \u00fcber unser Gep\u00e4ck g\u00e4be. Am dritten Tag hatten wir uns an den Gedanken gew\u00f6hnt, dass damit eigentlich unsere gesamte Habe mitsamt einem teuren Fotoobjektiv verschwunden w\u00e4re. Lasses Kraxe war damit auch weg und wir \u00fcberlegten, was wir alles neu beschaffen m\u00fcssten. Inzwischen waren wir auf der Banks Halbinsel angekommen und hatten auch ein paar schicke Lagerpl\u00e4tze gefunden (und die Erfahrung gemacht, dass die sch\u00f6nsten Aussichten immer mit viel Sturm in der Nacht verbunden sind), da kam am dritten Tag der Anruf, dass unser Gep\u00e4ck da w\u00e4re und wo es denn hingebracht werden sollte. \ud83d\ude00<br \/>\nJetzt konnte die Zeit auf Neuseeland erst richtig beginnen. Wir drehten eine sch\u00f6ne Runde um die ganze Halbinsel und erlebten unter anderem einen starken F\u00f6nsturm der mit 20\u00b0C in der Nacht an unserem Wagen riss. Dann fuhren wir in die Berge, wo wir morgens Eis auf der Scheibe hatten, und an idyllischen Seen campierten. Eine H\u00f6hlenwanderung entlang eines unterirdischen Flusses mussten wir leider auf sp\u00e4ter verschieben, da der Wasserstand deutlich zu hoch war. Inzwischen sind wir an der feuchten Westk\u00fcste angekommen, wo Regenwald auf Gletschereis trifft. Nach ein paar grandiosen Tagen an den Gletschern ist jetzt erstmal Regen angesagt&#8230;<br \/>\nIn den Goldgr\u00e4berst\u00e4dten unterwegs haben wir leider keinen Nugget gefunden, der uns die Reise finanzieren k\u00f6nnte, daf\u00fcr konnten wir uns aber selbst einen Pool an einer hei\u00dfen Quelle ausheben, und das 36\u00b0C warme Wasser genie\u00dfen. Die zweit\u00e4gige Wanderung zu weiteren hei\u00dfen Quellen mussten wir gestern spontan absagen, da die Wettervorhersage doch zu schlecht war. Und leider gibt es hier im Westen auch sehr viele nervige <a title=\"Sandflies\" href=\"http:\/\/de.wikipedia.org\/wiki\/Sandm%C3%BCcken\" target=\"_blank\">Sandflies<\/a>, die einen drau\u00dfen anfallen wollen. Lange Kleidung und unser DEET helfen aber recht gut.<br \/>\n<a href=\"https:\/\/www.egika.de\/windelexpress\/wp-content\/uploads\/2013\/09\/tmp_IMG_0549-1117182116.jpg\"><img loading=\"lazy\" decoding=\"async\" class=\"alignnone size-medium wp-image-370\" alt=\"tmp_IMG_0549-1117182116\" src=\"https:\/\/www.egika.de\/windelexpress\/wp-content\/uploads\/2013\/09\/tmp_IMG_0549-1117182116-1024x682.jpg\" width=\"450\" height=\"300\" srcset=\"https:\/\/www.egika.de\/windelexpress\/wp-content\/uploads\/2013\/09\/tmp_IMG_0549-1117182116-1024x682.jpg 1024w, https:\/\/www.egika.de\/windelexpress\/wp-content\/uploads\/2013\/09\/tmp_IMG_0549-1117182116-300x200.jpg 300w, https:\/\/www.egika.de\/windelexpress\/wp-content\/uploads\/2013\/09\/tmp_IMG_0549-1117182116.jpg 1920w\" sizes=\"auto, (max-width: 450px) 100vw, 450px\" \/><\/a><br \/>\nIn den n\u00e4chsten Tagen geht es nun weiter \u00fcber Queenstown in die Fjorde, bevor sich mit dem Sommer die M\u00fcckensituation hier weiter versch\u00e4rft.<br \/>\nngg_shortcode_0_placeholder<\/p>\n","protected":false},"excerpt":{"rendered":"<p>In 80 Tagen um die Welt. Naja, zumindest halb rum sind wir heute nach 80 Reisetagen schon. Mehr als zwei Wochen sind wir nun schon auf Neuseeland und Lasse konnte gestern seinen ersten Geburtstag feiern. Doch fangen wir mal vorne an: Nach vier Wochen Bali fing die Insel allm\u00e4hlich an, uns zu hei\u00df, zu laut [&hellip;]<\/p>\n","protected":false},"author":3,"featured_media":0,"comment_status":"open","ping_status":"open","sticky":false,"template":"","format":"standard","meta":{"ngg_post_thumbnail":0,"jetpack_post_was_ever_published":false,"_jetpack_newsletter_access":"","_jetpack_dont_email_post_to_subs":false,"_jetpack_newsletter_tier_id":0,"_jetpack_memberships_contains_paywalled_content":false,"_jetpack_memberships_contains_paid_content":false,"footnotes":"","jetpack_publicize_message":"","jetpack_publicize_feature_enabled":true,"jetpack_social_post_already_shared":false,"jetpack_social_options":{"image_generator_settings":{"template":"highway","default_image_id":0,"font":"","enabled":false},"version":2}},"categories":[1,17],"tags":[],"class_list":["post-366","post","type-post","status-publish","format-standard","hentry","category-allgemein","category-neuseeland"],"jetpack_publicize_connections":[],"jetpack_featured_media_url":"","jetpack_sharing_enabled":true,"jetpack_shortlink":"https:\/\/wp.me\/p8agLt-5U","_links":{"self":[{"href":"https:\/\/www.egika.de\/windelexpress\/wp-json\/wp\/v2\/posts\/366","targetHints":{"allow":["GET"]}}],"collection":[{"href":"https:\/\/www.egika.de\/windelexpress\/wp-json\/wp\/v2\/posts"}],"about":[{"href":"https:\/\/www.egika.de\/windelexpress\/wp-json\/wp\/v2\/types\/post"}],"author":[{"embeddable":true,"href":"https:\/\/www.egika.de\/windelexpress\/wp-json\/wp\/v2\/users\/3"}],"replies":[{"embeddable":true,"href":"https:\/\/www.egika.de\/windelexpress\/wp-json\/wp\/v2\/comments?post=366"}],"version-history":[{"count":6,"href":"https:\/\/www.egika.de\/windelexpress\/wp-json\/wp\/v2\/posts\/366\/revisions"}],"predecessor-version":[{"id":682,"href":"https:\/\/www.egika.de\/windelexpress\/wp-json\/wp\/v2\/posts\/366\/revisions\/682"}],"wp:attachment":[{"href":"https:\/\/www.egika.de\/windelexpress\/wp-json\/wp\/v2\/media?parent=366"}],"wp:term":[{"taxonomy":"category","embeddable":true,"href":"https:\/\/www.egika.de\/windelexpress\/wp-json\/wp\/v2\/categories?post=366"},{"taxonomy":"post_tag","embeddable":true,"href":"https:\/\/www.egika.de\/windelexpress\/wp-json\/wp\/v2\/tags?post=366"}],"curies":[{"name":"wp","href":"https:\/\/api.w.org\/{rel}","templated":true}]}}