{"id":378,"date":"2013-09-21T21:34:57","date_gmt":"2013-09-21T19:34:57","guid":{"rendered":"http:\/\/www.egika.de\/windelexpress\/?p=378"},"modified":"2014-07-16T16:27:51","modified_gmt":"2014-07-16T14:27:51","slug":"lasse-am-ende-der-welt","status":"publish","type":"post","link":"https:\/\/www.egika.de\/windelexpress\/2013\/09\/lasse-am-ende-der-welt\/","title":{"rendered":"Lasse am Ende der Welt"},"content":{"rendered":"<p>Da der Flug von Bali nach Sydney Versp\u00e4tung hatte, hat Lasse sein erstes Schl\u00e4fchen bereits am Gate im Flughafen abgehalten und aufgrund von einer gr\u00f6\u00dferen Anzahl an kleiner Kakerlaken in unserer ersten Ecke dann auch mitten im Durchgang. Der doch relativ kurze Flug verlief ohne nennenswerte Erlebnisse nachdem Lasse endlich auch im Bassinet zur Ruhe gekommen ist. Der zweite Flug &#8211; ohne Bassinet &#8211; ebenso. <a href=\"https:\/\/www.egika.de\/windelexpress\/wp-content\/uploads\/2013\/09\/tmp_IMG_0442-1363766719.jpg\"><img loading=\"lazy\" decoding=\"async\" class=\"alignleft size-medium wp-image-380\" alt=\"tmp_IMG_0442-1363766719\" src=\"https:\/\/www.egika.de\/windelexpress\/wp-content\/uploads\/2013\/09\/tmp_IMG_0442-1363766719-1024x682.jpg\" width=\"450\" height=\"300\" srcset=\"https:\/\/www.egika.de\/windelexpress\/wp-content\/uploads\/2013\/09\/tmp_IMG_0442-1363766719-1024x682.jpg 1024w, https:\/\/www.egika.de\/windelexpress\/wp-content\/uploads\/2013\/09\/tmp_IMG_0442-1363766719-300x200.jpg 300w, https:\/\/www.egika.de\/windelexpress\/wp-content\/uploads\/2013\/09\/tmp_IMG_0442-1363766719.jpg 1920w\" sizes=\"auto, (max-width: 450px) 100vw, 450px\" \/><\/a>Wir waren, \u00e4hnlich wie Lasse, auf jeden Fall ziemlich ko, nach der sehr sehr kurzen und unterbrochenen Nacht, so dass die erste Nacht im Campervan etwas turbulenter war und Lasse ausnahmsweise auch bei uns im Bett schlafen durfte. Ansonsten schl\u00e4ft Lasse mit Matte und zus\u00e4tzlicher Bettdeckenpolsterung auf den 1,5qm freier Fl\u00e4che in der K\u00fcche (zwischen unserem Bett, K\u00fchlschrank, Herd und Sp\u00fcle) in seinem dicken Daunenschlafsack.<br \/>\nDie Zeitverschiebung von weiteren vier Stunden und die Anreise waren aber bereits nach zwei Tagen vergessen, so dass wir und Lasse wieder den gewohnten Rhythmus aufnahmen. Da ich gl\u00fccklicherweise alle essentiellen Babysachen im Handgep\u00e4ck hatte, kamen wir mit Windel- und Milchkauf auch die ersten Tage gut \u00fcber die Runden. Windeln entsprechen hier \u00fcbrigens wieder meinen &#8222;deutschen&#8220; Vorstellungen, so dass Lasse auch ohne Pampers, die wir bisher nicht gesehen haben, sehr gut auskommt. Die neue Milch schmeckt ihm nat\u00fcrlich auch und auch das Babym\u00fcsli, welches er an einem Abend essen durfte, weil das Chilli zu scharf war. Ansonsten ist die Breiauswahl sehr begrenzt, so dass ich froh bin, dass Lasse wieder alles, was wir Abends kochen, mitessen kann.<\/p>\n<p><a href=\"https:\/\/www.egika.de\/windelexpress\/wp-content\/uploads\/2013\/09\/tmp_IMG_0558-1363766719-e1379796781462.jpg\"><img loading=\"lazy\" decoding=\"async\" class=\"alignright size-medium wp-image-387\" alt=\"tmp_IMG_0558-1363766719\" src=\"https:\/\/www.egika.de\/windelexpress\/wp-content\/uploads\/2013\/09\/tmp_IMG_0558-1363766719-e1379796781462-682x1024.jpg\" width=\"300\" height=\"450\" srcset=\"https:\/\/www.egika.de\/windelexpress\/wp-content\/uploads\/2013\/09\/tmp_IMG_0558-1363766719-e1379796781462-682x1024.jpg 682w, https:\/\/www.egika.de\/windelexpress\/wp-content\/uploads\/2013\/09\/tmp_IMG_0558-1363766719-e1379796781462-200x300.jpg 200w, https:\/\/www.egika.de\/windelexpress\/wp-content\/uploads\/2013\/09\/tmp_IMG_0558-1363766719-e1379796781462.jpg 1280w\" sizes=\"auto, (max-width: 300px) 100vw, 300px\" \/><\/a>Mittags (gegen 13:00 Uhr) gibt es Obst &#8211; hier neben der obligatorischen Banane nat\u00fcrlich Kiwis \ud83d\ude09 und Brot, Abends (17:30-18:30) wie gesagt alles, was wir im Campervan zubereiten und Morgens neben seiner Flasche Milch (07:30) mit uns Brot oder Porridge (08:30), und zum Geburtstag gab es morgens Pfannkuchen. Nachmittags bekommt er nur ab und zu, sofern wir noch eine bestimmte Fahrstrecke zur\u00fccklegen m\u00fcssen und er knatschig wird, eine Kleinigkeit zur Ablenkung.<br \/>\nLasse \u00fcbt sich weiterhin im Stehen, l\u00e4uft nun mit Schuhen ausger\u00fcstet t\u00e4glich einige zehn Meter an einer Hand und tobt besonders gerne in den Abendstunden auf dem &#8222;frisch&#8220; gebauten Bett in den Kissen herum. Tags\u00fcber schmei\u00dft er nat\u00fcrlich alles, was ihm unter die H\u00e4nde kommt, durch die Gegend und wenn dabei zuviel Schwung war, f\u00e4llt er hinterher. Der Van ist zwar nicht gerade gro\u00df, aber Lasse hat schon die Rolle aus dem Auto heraus vollbracht &#8211; zum Gl\u00fcck nur mit kleiner Schramme am Kopf&#8230; Die Kraxe mag er immer noch sehr gerne zum Herausgucken, aber auch zum Schlafen, wobei er bei l\u00e4ngeren Wanderungen doppelt und dreifach eingepackt wird, was ihm dann eher weniger passt.<\/p>\n<p><a href=\"https:\/\/www.egika.de\/windelexpress\/wp-content\/uploads\/2013\/09\/tmp_IMG_0444-1117182116.jpg\"><img loading=\"lazy\" decoding=\"async\" class=\"alignnone size-medium wp-image-382\" alt=\"tmp_IMG_0444-1117182116\" src=\"https:\/\/www.egika.de\/windelexpress\/wp-content\/uploads\/2013\/09\/tmp_IMG_0444-1117182116-1024x682.jpg\" width=\"450\" height=\"300\" srcset=\"https:\/\/www.egika.de\/windelexpress\/wp-content\/uploads\/2013\/09\/tmp_IMG_0444-1117182116-1024x682.jpg 1024w, https:\/\/www.egika.de\/windelexpress\/wp-content\/uploads\/2013\/09\/tmp_IMG_0444-1117182116-300x200.jpg 300w, https:\/\/www.egika.de\/windelexpress\/wp-content\/uploads\/2013\/09\/tmp_IMG_0444-1117182116.jpg 1920w\" sizes=\"auto, (max-width: 450px) 100vw, 450px\" \/><\/a><\/p>\n","protected":false},"excerpt":{"rendered":"<p>Da der Flug von Bali nach Sydney Versp\u00e4tung hatte, hat Lasse sein erstes Schl\u00e4fchen bereits am Gate im Flughafen abgehalten und aufgrund von einer gr\u00f6\u00dferen Anzahl an kleiner Kakerlaken in unserer ersten Ecke dann auch mitten im Durchgang. Der doch relativ kurze Flug verlief ohne nennenswerte Erlebnisse nachdem Lasse endlich auch im Bassinet zur Ruhe [&hellip;]<\/p>\n","protected":false},"author":2,"featured_media":0,"comment_status":"open","ping_status":"open","sticky":false,"template":"","format":"standard","meta":{"ngg_post_thumbnail":0,"jetpack_post_was_ever_published":false,"_jetpack_newsletter_access":"","_jetpack_dont_email_post_to_subs":false,"_jetpack_newsletter_tier_id":0,"_jetpack_memberships_contains_paywalled_content":false,"_jetpack_memberships_contains_paid_content":false,"footnotes":"","jetpack_publicize_message":"","jetpack_publicize_feature_enabled":true,"jetpack_social_post_already_shared":false,"jetpack_social_options":{"image_generator_settings":{"template":"highway","default_image_id":0,"font":"","enabled":false},"version":2}},"categories":[18,10],"tags":[],"class_list":["post-378","post","type-post","status-publish","format-standard","hentry","category-lasse-neuseeland","category-baby"],"jetpack_publicize_connections":[],"jetpack_featured_media_url":"","jetpack_sharing_enabled":true,"jetpack_shortlink":"https:\/\/wp.me\/p8agLt-66","_links":{"self":[{"href":"https:\/\/www.egika.de\/windelexpress\/wp-json\/wp\/v2\/posts\/378","targetHints":{"allow":["GET"]}}],"collection":[{"href":"https:\/\/www.egika.de\/windelexpress\/wp-json\/wp\/v2\/posts"}],"about":[{"href":"https:\/\/www.egika.de\/windelexpress\/wp-json\/wp\/v2\/types\/post"}],"author":[{"embeddable":true,"href":"https:\/\/www.egika.de\/windelexpress\/wp-json\/wp\/v2\/users\/2"}],"replies":[{"embeddable":true,"href":"https:\/\/www.egika.de\/windelexpress\/wp-json\/wp\/v2\/comments?post=378"}],"version-history":[{"count":5,"href":"https:\/\/www.egika.de\/windelexpress\/wp-json\/wp\/v2\/posts\/378\/revisions"}],"predecessor-version":[{"id":711,"href":"https:\/\/www.egika.de\/windelexpress\/wp-json\/wp\/v2\/posts\/378\/revisions\/711"}],"wp:attachment":[{"href":"https:\/\/www.egika.de\/windelexpress\/wp-json\/wp\/v2\/media?parent=378"}],"wp:term":[{"taxonomy":"category","embeddable":true,"href":"https:\/\/www.egika.de\/windelexpress\/wp-json\/wp\/v2\/categories?post=378"},{"taxonomy":"post_tag","embeddable":true,"href":"https:\/\/www.egika.de\/windelexpress\/wp-json\/wp\/v2\/tags?post=378"}],"curies":[{"name":"wp","href":"https:\/\/api.w.org\/{rel}","templated":true}]}}